{"id":944,"date":"2020-10-22T09:39:56","date_gmt":"2020-10-22T09:39:56","guid":{"rendered":"https:\/\/www.casa-apollo.com\/?p=944"},"modified":"2024-04-27T12:05:16","modified_gmt":"2024-04-27T12:05:16","slug":"portuguese-tapas-sete-pedras-restaurant-bar-faro","status":"publish","type":"post","link":"https:\/\/www.casa-apollo.com\/fr\/portuguese-tapas-sete-pedras-restaurant-bar-faro\/","title":{"rendered":"Restaurant Sete Pedras"},"content":{"rendered":"<p><strong>Cuisine portugaise traditionnelle en plein c\u0153ur de Faro<br \/>\n<\/strong><br \/>\n\u00ab Prendre un repas, ce n&rsquo;est pas simplement sortir manger, c&rsquo;est \u00eatre la table avec qui on aime, c&rsquo;est partager des plats, des moments, des conversations. C\u2019est manger quelque chose fait par ceux qui aiment faire ce qu\u2019ils font.<\/p>\n<p>Diverses et d\u00e9licieuses tapas portugaises.<\/p>\n<p>Centre de Faro pr\u00e8s de la Marina. Tous les soirs sauf lundi et mardi.<\/p>\n","protected":false},"excerpt":{"rendered":"<p>Cuisine portugaise traditionnelle en plein c\u0153ur de Faro \u00ab Prendre un repas, ce n&rsquo;est pas simplement sortir manger, c&rsquo;est \u00eatre la table avec qui on aime, c&rsquo;est partager des plats,&#8230;<\/p>\n","protected":false},"author":1,"featured_media":3094,"comment_status":"closed","ping_status":"closed","sticky":false,"template":"","format":"standard","meta":{"footnotes":""},"categories":[12],"tags":[],"class_list":{"0":"post-944","1":"post","2":"type-post","3":"status-publish","4":"format-standard","5":"has-post-thumbnail","7":"category-restaurants-fr"},"yoast_head":"<!-- This site is optimized with the Yoast SEO Premium plugin v27.3 (Yoast SEO v27.5) - https:\/\/yoast.com\/product\/yoast-seo-premium-wordpress\/ -->\n<title>Restaurant Sete Pedras - Casa Apollo % % Restaurant Sete Pedras<\/title>\n<meta name=\"description\" content=\"Cuisine portugaise traditionnelle en plein c\u0153ur de Faro. Diverses et d\u00e9licieuses tapas portugaises. pr\u00e8s de la Marina.\" \/>\n<meta name=\"robots\" content=\"index, follow, max-snippet:-1, max-image-preview:large, max-video-preview:-1\" \/>\n<link rel=\"canonical\" href=\"https:\/\/www.casa-apollo.com\/fr\/portuguese-tapas-sete-pedras-restaurant-bar-faro\/\" \/>\n<meta property=\"og:locale\" content=\"fr_FR\" \/>\n<meta property=\"og:type\" content=\"article\" \/>\n<meta property=\"og:title\" content=\"Restaurant Sete Pedras\" \/>\n<meta property=\"og:description\" content=\"Cuisine portugaise traditionnelle en plein c\u0153ur de Faro. Diverses et d\u00e9licieuses tapas portugaises. pr\u00e8s de la Marina.\" \/>\n<meta property=\"og:url\" content=\"https:\/\/www.casa-apollo.com\/fr\/portuguese-tapas-sete-pedras-restaurant-bar-faro\/\" \/>\n<meta property=\"og:site_name\" content=\"Casa Apollo\" \/>\n<meta property=\"article:publisher\" content=\"https:\/\/www.facebook.com\/casaapollo\" \/>\n<meta property=\"article:published_time\" content=\"2020-10-22T09:39:56+00:00\" \/>\n<meta property=\"article:modified_time\" content=\"2024-04-27T12:05:16+00:00\" \/>\n<meta property=\"og:image\" content=\"https:\/\/www.casa-apollo.com\/wp-content\/uploads\/2020\/10\/sete-pedras-2.jpg\" \/>\n\t<meta property=\"og:image:width\" content=\"1900\" \/>\n\t<meta property=\"og:image:height\" content=\"1200\" \/>\n\t<meta property=\"og:image:type\" content=\"image\/jpeg\" \/>\n<meta name=\"author\" content=\"Casa Apollo\" \/>\n<meta name=\"twitter:card\" content=\"summary_large_image\" \/>\n<meta name=\"twitter:label1\" content=\"\u00c9crit par\" \/>\n\t<meta name=\"twitter:data1\" content=\"Casa Apollo\" \/>\n<script type=\"application\/ld+json\" class=\"yoast-schema-graph\">{\"@context\":\"https:\\\/\\\/schema.org\",\"@graph\":[{\"@type\":\"Article\",\"@id\":\"https:\\\/\\\/www.casa-apollo.com\\\/fr\\\/portuguese-tapas-sete-pedras-restaurant-bar-faro\\\/#article\",\"isPartOf\":{\"@id\":\"https:\\\/\\\/www.casa-apollo.com\\\/fr\\\/portuguese-tapas-sete-pedras-restaurant-bar-faro\\\/\"},\"author\":{\"name\":\"Casa Apollo\",\"@id\":\"https:\\\/\\\/www.casa-apollo.com\\\/#\\\/schema\\\/person\\\/8d79bff21b8a316b799b240d98d522fb\"},\"headline\":\"Restaurant Sete Pedras\",\"datePublished\":\"2020-10-22T09:39:56+00:00\",\"dateModified\":\"2024-04-27T12:05:16+00:00\",\"mainEntityOfPage\":{\"@id\":\"https:\\\/\\\/www.casa-apollo.com\\\/fr\\\/portuguese-tapas-sete-pedras-restaurant-bar-faro\\\/\"},\"wordCount\":76,\"publisher\":{\"@id\":\"https:\\\/\\\/www.casa-apollo.com\\\/#organization\"},\"image\":{\"@id\":\"https:\\\/\\\/www.casa-apollo.com\\\/fr\\\/portuguese-tapas-sete-pedras-restaurant-bar-faro\\\/#primaryimage\"},\"thumbnailUrl\":\"https:\\\/\\\/www.casa-apollo.com\\\/wp-content\\\/uploads\\\/2020\\\/10\\\/sete-pedras-2.jpg\",\"articleSection\":[\"Restaurants\"],\"inLanguage\":\"fr-FR\"},{\"@type\":\"WebPage\",\"@id\":\"https:\\\/\\\/www.casa-apollo.com\\\/fr\\\/portuguese-tapas-sete-pedras-restaurant-bar-faro\\\/\",\"url\":\"https:\\\/\\\/www.casa-apollo.com\\\/fr\\\/portuguese-tapas-sete-pedras-restaurant-bar-faro\\\/\",\"name\":\"Restaurant Sete Pedras - Casa Apollo % % Restaurant Sete Pedras\",\"isPartOf\":{\"@id\":\"https:\\\/\\\/www.casa-apollo.com\\\/#website\"},\"primaryImageOfPage\":{\"@id\":\"https:\\\/\\\/www.casa-apollo.com\\\/fr\\\/portuguese-tapas-sete-pedras-restaurant-bar-faro\\\/#primaryimage\"},\"image\":{\"@id\":\"https:\\\/\\\/www.casa-apollo.com\\\/fr\\\/portuguese-tapas-sete-pedras-restaurant-bar-faro\\\/#primaryimage\"},\"thumbnailUrl\":\"https:\\\/\\\/www.casa-apollo.com\\\/wp-content\\\/uploads\\\/2020\\\/10\\\/sete-pedras-2.jpg\",\"datePublished\":\"2020-10-22T09:39:56+00:00\",\"dateModified\":\"2024-04-27T12:05:16+00:00\",\"description\":\"Cuisine portugaise traditionnelle en plein c\u0153ur de Faro. Diverses et d\u00e9licieuses tapas portugaises. pr\u00e8s de la Marina.\",\"breadcrumb\":{\"@id\":\"https:\\\/\\\/www.casa-apollo.com\\\/fr\\\/portuguese-tapas-sete-pedras-restaurant-bar-faro\\\/#breadcrumb\"},\"inLanguage\":\"fr-FR\",\"potentialAction\":[{\"@type\":\"ReadAction\",\"target\":[\"https:\\\/\\\/www.casa-apollo.com\\\/fr\\\/portuguese-tapas-sete-pedras-restaurant-bar-faro\\\/\"]}]},{\"@type\":\"ImageObject\",\"inLanguage\":\"fr-FR\",\"@id\":\"https:\\\/\\\/www.casa-apollo.com\\\/fr\\\/portuguese-tapas-sete-pedras-restaurant-bar-faro\\\/#primaryimage\",\"url\":\"https:\\\/\\\/www.casa-apollo.com\\\/wp-content\\\/uploads\\\/2020\\\/10\\\/sete-pedras-2.jpg\",\"contentUrl\":\"https:\\\/\\\/www.casa-apollo.com\\\/wp-content\\\/uploads\\\/2020\\\/10\\\/sete-pedras-2.jpg\",\"width\":1900,\"height\":1200},{\"@type\":\"BreadcrumbList\",\"@id\":\"https:\\\/\\\/www.casa-apollo.com\\\/fr\\\/portuguese-tapas-sete-pedras-restaurant-bar-faro\\\/#breadcrumb\",\"itemListElement\":[{\"@type\":\"ListItem\",\"position\":1,\"name\":\"Home\",\"item\":\"https:\\\/\\\/www.casa-apollo.com\\\/\"},{\"@type\":\"ListItem\",\"position\":2,\"name\":\"Restaurant Sete Pedras\"}]},{\"@type\":\"WebSite\",\"@id\":\"https:\\\/\\\/www.casa-apollo.com\\\/#website\",\"url\":\"https:\\\/\\\/www.casa-apollo.com\\\/\",\"name\":\"Casa Apollo\",\"description\":\"Casa Apollo\",\"publisher\":{\"@id\":\"https:\\\/\\\/www.casa-apollo.com\\\/#organization\"},\"potentialAction\":[{\"@type\":\"SearchAction\",\"target\":{\"@type\":\"EntryPoint\",\"urlTemplate\":\"https:\\\/\\\/www.casa-apollo.com\\\/?s={search_term_string}\"},\"query-input\":{\"@type\":\"PropertyValueSpecification\",\"valueRequired\":true,\"valueName\":\"search_term_string\"}}],\"inLanguage\":\"fr-FR\"},{\"@type\":\"Organization\",\"@id\":\"https:\\\/\\\/www.casa-apollo.com\\\/#organization\",\"name\":\"Casa Apollo Guesthouse\",\"url\":\"https:\\\/\\\/www.casa-apollo.com\\\/\",\"logo\":{\"@type\":\"ImageObject\",\"inLanguage\":\"fr-FR\",\"@id\":\"https:\\\/\\\/www.casa-apollo.com\\\/#\\\/schema\\\/logo\\\/image\\\/\",\"url\":\"https:\\\/\\\/www.casa-apollo.com\\\/wp-content\\\/uploads\\\/2020\\\/09\\\/logoblueretina.png\",\"contentUrl\":\"https:\\\/\\\/www.casa-apollo.com\\\/wp-content\\\/uploads\\\/2020\\\/09\\\/logoblueretina.png\",\"width\":512,\"height\":413,\"caption\":\"Casa Apollo Guesthouse\"},\"image\":{\"@id\":\"https:\\\/\\\/www.casa-apollo.com\\\/#\\\/schema\\\/logo\\\/image\\\/\"},\"sameAs\":[\"https:\\\/\\\/www.facebook.com\\\/casaapollo\",\"https:\\\/\\\/www.instagram.com\\\/casa_apollo_guesthouse\"]},{\"@type\":\"Person\",\"@id\":\"https:\\\/\\\/www.casa-apollo.com\\\/#\\\/schema\\\/person\\\/8d79bff21b8a316b799b240d98d522fb\",\"name\":\"Casa Apollo\",\"image\":{\"@type\":\"ImageObject\",\"inLanguage\":\"fr-FR\",\"@id\":\"https:\\\/\\\/secure.gravatar.com\\\/avatar\\\/c3d8850af95ecf360c1fa7b2e7217ffc29e6dbb9281d1ef42261737a312728d5?s=96&d=mm&r=g\",\"url\":\"https:\\\/\\\/secure.gravatar.com\\\/avatar\\\/c3d8850af95ecf360c1fa7b2e7217ffc29e6dbb9281d1ef42261737a312728d5?s=96&d=mm&r=g\",\"contentUrl\":\"https:\\\/\\\/secure.gravatar.com\\\/avatar\\\/c3d8850af95ecf360c1fa7b2e7217ffc29e6dbb9281d1ef42261737a312728d5?s=96&d=mm&r=g\",\"caption\":\"Casa Apollo\"},\"sameAs\":[\"https:\\\/\\\/www.casa-apollo.com\"],\"url\":\"https:\\\/\\\/www.casa-apollo.com\\\/fr\\\/author\\\/casaap\\\/\"}]}<\/script>\n<!-- \/ Yoast SEO Premium plugin. -->","yoast_head_json":{"title":"Restaurant Sete Pedras - Casa Apollo % % Restaurant Sete Pedras","description":"Cuisine portugaise traditionnelle en plein c\u0153ur de Faro. Diverses et d\u00e9licieuses tapas portugaises. pr\u00e8s de la Marina.","robots":{"index":"index","follow":"follow","max-snippet":"max-snippet:-1","max-image-preview":"max-image-preview:large","max-video-preview":"max-video-preview:-1"},"canonical":"https:\/\/www.casa-apollo.com\/fr\/portuguese-tapas-sete-pedras-restaurant-bar-faro\/","og_locale":"fr_FR","og_type":"article","og_title":"Restaurant Sete Pedras","og_description":"Cuisine portugaise traditionnelle en plein c\u0153ur de Faro. Diverses et d\u00e9licieuses tapas portugaises. pr\u00e8s de la Marina.","og_url":"https:\/\/www.casa-apollo.com\/fr\/portuguese-tapas-sete-pedras-restaurant-bar-faro\/","og_site_name":"Casa Apollo","article_publisher":"https:\/\/www.facebook.com\/casaapollo","article_published_time":"2020-10-22T09:39:56+00:00","article_modified_time":"2024-04-27T12:05:16+00:00","og_image":[{"width":1900,"height":1200,"url":"https:\/\/www.casa-apollo.com\/wp-content\/uploads\/2020\/10\/sete-pedras-2.jpg","type":"image\/jpeg"}],"author":"Casa Apollo","twitter_card":"summary_large_image","twitter_misc":{"\u00c9crit par":"Casa Apollo"},"schema":{"@context":"https:\/\/schema.org","@graph":[{"@type":"Article","@id":"https:\/\/www.casa-apollo.com\/fr\/portuguese-tapas-sete-pedras-restaurant-bar-faro\/#article","isPartOf":{"@id":"https:\/\/www.casa-apollo.com\/fr\/portuguese-tapas-sete-pedras-restaurant-bar-faro\/"},"author":{"name":"Casa Apollo","@id":"https:\/\/www.casa-apollo.com\/#\/schema\/person\/8d79bff21b8a316b799b240d98d522fb"},"headline":"Restaurant Sete Pedras","datePublished":"2020-10-22T09:39:56+00:00","dateModified":"2024-04-27T12:05:16+00:00","mainEntityOfPage":{"@id":"https:\/\/www.casa-apollo.com\/fr\/portuguese-tapas-sete-pedras-restaurant-bar-faro\/"},"wordCount":76,"publisher":{"@id":"https:\/\/www.casa-apollo.com\/#organization"},"image":{"@id":"https:\/\/www.casa-apollo.com\/fr\/portuguese-tapas-sete-pedras-restaurant-bar-faro\/#primaryimage"},"thumbnailUrl":"https:\/\/www.casa-apollo.com\/wp-content\/uploads\/2020\/10\/sete-pedras-2.jpg","articleSection":["Restaurants"],"inLanguage":"fr-FR"},{"@type":"WebPage","@id":"https:\/\/www.casa-apollo.com\/fr\/portuguese-tapas-sete-pedras-restaurant-bar-faro\/","url":"https:\/\/www.casa-apollo.com\/fr\/portuguese-tapas-sete-pedras-restaurant-bar-faro\/","name":"Restaurant Sete Pedras - Casa Apollo % % Restaurant Sete Pedras","isPartOf":{"@id":"https:\/\/www.casa-apollo.com\/#website"},"primaryImageOfPage":{"@id":"https:\/\/www.casa-apollo.com\/fr\/portuguese-tapas-sete-pedras-restaurant-bar-faro\/#primaryimage"},"image":{"@id":"https:\/\/www.casa-apollo.com\/fr\/portuguese-tapas-sete-pedras-restaurant-bar-faro\/#primaryimage"},"thumbnailUrl":"https:\/\/www.casa-apollo.com\/wp-content\/uploads\/2020\/10\/sete-pedras-2.jpg","datePublished":"2020-10-22T09:39:56+00:00","dateModified":"2024-04-27T12:05:16+00:00","description":"Cuisine portugaise traditionnelle en plein c\u0153ur de Faro. Diverses et d\u00e9licieuses tapas portugaises. pr\u00e8s de la Marina.","breadcrumb":{"@id":"https:\/\/www.casa-apollo.com\/fr\/portuguese-tapas-sete-pedras-restaurant-bar-faro\/#breadcrumb"},"inLanguage":"fr-FR","potentialAction":[{"@type":"ReadAction","target":["https:\/\/www.casa-apollo.com\/fr\/portuguese-tapas-sete-pedras-restaurant-bar-faro\/"]}]},{"@type":"ImageObject","inLanguage":"fr-FR","@id":"https:\/\/www.casa-apollo.com\/fr\/portuguese-tapas-sete-pedras-restaurant-bar-faro\/#primaryimage","url":"https:\/\/www.casa-apollo.com\/wp-content\/uploads\/2020\/10\/sete-pedras-2.jpg","contentUrl":"https:\/\/www.casa-apollo.com\/wp-content\/uploads\/2020\/10\/sete-pedras-2.jpg","width":1900,"height":1200},{"@type":"BreadcrumbList","@id":"https:\/\/www.casa-apollo.com\/fr\/portuguese-tapas-sete-pedras-restaurant-bar-faro\/#breadcrumb","itemListElement":[{"@type":"ListItem","position":1,"name":"Home","item":"https:\/\/www.casa-apollo.com\/"},{"@type":"ListItem","position":2,"name":"Restaurant Sete Pedras"}]},{"@type":"WebSite","@id":"https:\/\/www.casa-apollo.com\/#website","url":"https:\/\/www.casa-apollo.com\/","name":"Casa Apollo","description":"Casa Apollo","publisher":{"@id":"https:\/\/www.casa-apollo.com\/#organization"},"potentialAction":[{"@type":"SearchAction","target":{"@type":"EntryPoint","urlTemplate":"https:\/\/www.casa-apollo.com\/?s={search_term_string}"},"query-input":{"@type":"PropertyValueSpecification","valueRequired":true,"valueName":"search_term_string"}}],"inLanguage":"fr-FR"},{"@type":"Organization","@id":"https:\/\/www.casa-apollo.com\/#organization","name":"Casa Apollo Guesthouse","url":"https:\/\/www.casa-apollo.com\/","logo":{"@type":"ImageObject","inLanguage":"fr-FR","@id":"https:\/\/www.casa-apollo.com\/#\/schema\/logo\/image\/","url":"https:\/\/www.casa-apollo.com\/wp-content\/uploads\/2020\/09\/logoblueretina.png","contentUrl":"https:\/\/www.casa-apollo.com\/wp-content\/uploads\/2020\/09\/logoblueretina.png","width":512,"height":413,"caption":"Casa Apollo Guesthouse"},"image":{"@id":"https:\/\/www.casa-apollo.com\/#\/schema\/logo\/image\/"},"sameAs":["https:\/\/www.facebook.com\/casaapollo","https:\/\/www.instagram.com\/casa_apollo_guesthouse"]},{"@type":"Person","@id":"https:\/\/www.casa-apollo.com\/#\/schema\/person\/8d79bff21b8a316b799b240d98d522fb","name":"Casa Apollo","image":{"@type":"ImageObject","inLanguage":"fr-FR","@id":"https:\/\/secure.gravatar.com\/avatar\/c3d8850af95ecf360c1fa7b2e7217ffc29e6dbb9281d1ef42261737a312728d5?s=96&d=mm&r=g","url":"https:\/\/secure.gravatar.com\/avatar\/c3d8850af95ecf360c1fa7b2e7217ffc29e6dbb9281d1ef42261737a312728d5?s=96&d=mm&r=g","contentUrl":"https:\/\/secure.gravatar.com\/avatar\/c3d8850af95ecf360c1fa7b2e7217ffc29e6dbb9281d1ef42261737a312728d5?s=96&d=mm&r=g","caption":"Casa Apollo"},"sameAs":["https:\/\/www.casa-apollo.com"],"url":"https:\/\/www.casa-apollo.com\/fr\/author\/casaap\/"}]}},"_links":{"self":[{"href":"https:\/\/www.casa-apollo.com\/fr\/wp-json\/wp\/v2\/posts\/944","targetHints":{"allow":["GET"]}}],"collection":[{"href":"https:\/\/www.casa-apollo.com\/fr\/wp-json\/wp\/v2\/posts"}],"about":[{"href":"https:\/\/www.casa-apollo.com\/fr\/wp-json\/wp\/v2\/types\/post"}],"author":[{"embeddable":true,"href":"https:\/\/www.casa-apollo.com\/fr\/wp-json\/wp\/v2\/users\/1"}],"replies":[{"embeddable":true,"href":"https:\/\/www.casa-apollo.com\/fr\/wp-json\/wp\/v2\/comments?post=944"}],"version-history":[{"count":7,"href":"https:\/\/www.casa-apollo.com\/fr\/wp-json\/wp\/v2\/posts\/944\/revisions"}],"predecessor-version":[{"id":3245,"href":"https:\/\/www.casa-apollo.com\/fr\/wp-json\/wp\/v2\/posts\/944\/revisions\/3245"}],"wp:featuredmedia":[{"embeddable":true,"href":"https:\/\/www.casa-apollo.com\/fr\/wp-json\/wp\/v2\/media\/3094"}],"wp:attachment":[{"href":"https:\/\/www.casa-apollo.com\/fr\/wp-json\/wp\/v2\/media?parent=944"}],"wp:term":[{"taxonomy":"category","embeddable":true,"href":"https:\/\/www.casa-apollo.com\/fr\/wp-json\/wp\/v2\/categories?post=944"},{"taxonomy":"post_tag","embeddable":true,"href":"https:\/\/www.casa-apollo.com\/fr\/wp-json\/wp\/v2\/tags?post=944"}],"curies":[{"name":"wp","href":"https:\/\/api.w.org\/{rel}","templated":true}]}}